{"id":529,"date":"2017-05-03T19:16:24","date_gmt":"2017-05-03T17:16:24","guid":{"rendered":"http:\/\/byflorab.com\/?p=529"},"modified":"2017-05-03T19:16:24","modified_gmt":"2017-05-03T17:16:24","slug":"tarte-pommes-framboises-pate-sablee-vanilleamande-creme-damande-et-compotee-de-pommes-vanillee","status":"publish","type":"post","link":"https:\/\/byflorab.com\/index.php\/2017\/05\/03\/tarte-pommes-framboises-pate-sablee-vanilleamande-creme-damande-et-compotee-de-pommes-vanillee\/","title":{"rendered":"Tarte pommes, framboises, p\u00e2te sabl\u00e9e vanille\/amande, cr\u00e8me d&#8217;amande et compot\u00e9e de pommes vanill\u00e9e."},"content":{"rendered":"<p><img decoding=\"async\" loading=\"lazy\" class=\"alignnone size-medium wp-image-533\" src=\"https:\/\/i0.wp.com\/byflorab.com\/wp-content\/uploads\/2017\/05\/18009114_10212657887261111_1587468371_n.jpg?resize=300%2C300&#038;ssl=1\" alt=\"\" width=\"300\" height=\"300\" srcset=\"https:\/\/i0.wp.com\/byflorab.com\/wp-content\/uploads\/2017\/05\/18009114_10212657887261111_1587468371_n.jpg?resize=300%2C300&amp;ssl=1 300w, https:\/\/i0.wp.com\/byflorab.com\/wp-content\/uploads\/2017\/05\/18009114_10212657887261111_1587468371_n.jpg?resize=100%2C100&amp;ssl=1 100w, https:\/\/i0.wp.com\/byflorab.com\/wp-content\/uploads\/2017\/05\/18009114_10212657887261111_1587468371_n.jpg?resize=600%2C600&amp;ssl=1 600w, https:\/\/i0.wp.com\/byflorab.com\/wp-content\/uploads\/2017\/05\/18009114_10212657887261111_1587468371_n.jpg?resize=150%2C150&amp;ssl=1 150w, https:\/\/i0.wp.com\/byflorab.com\/wp-content\/uploads\/2017\/05\/18009114_10212657887261111_1587468371_n.jpg?resize=768%2C768&amp;ssl=1 768w, https:\/\/i0.wp.com\/byflorab.com\/wp-content\/uploads\/2017\/05\/18009114_10212657887261111_1587468371_n.jpg?w=960&amp;ssl=1 960w\" sizes=\"(max-width: 300px) 100vw, 300px\" data-recalc-dims=\"1\" \/> <img decoding=\"async\" loading=\"lazy\" class=\"alignnone size-medium wp-image-534\" src=\"https:\/\/i0.wp.com\/byflorab.com\/wp-content\/uploads\/2017\/05\/18034856_10212657886741098_1810265256_n.jpg?resize=300%2C300&#038;ssl=1\" alt=\"\" width=\"300\" height=\"300\" srcset=\"https:\/\/i0.wp.com\/byflorab.com\/wp-content\/uploads\/2017\/05\/18034856_10212657886741098_1810265256_n.jpg?resize=300%2C300&amp;ssl=1 300w, https:\/\/i0.wp.com\/byflorab.com\/wp-content\/uploads\/2017\/05\/18034856_10212657886741098_1810265256_n.jpg?resize=100%2C100&amp;ssl=1 100w, https:\/\/i0.wp.com\/byflorab.com\/wp-content\/uploads\/2017\/05\/18034856_10212657886741098_1810265256_n.jpg?resize=600%2C600&amp;ssl=1 600w, https:\/\/i0.wp.com\/byflorab.com\/wp-content\/uploads\/2017\/05\/18034856_10212657886741098_1810265256_n.jpg?resize=150%2C150&amp;ssl=1 150w, https:\/\/i0.wp.com\/byflorab.com\/wp-content\/uploads\/2017\/05\/18034856_10212657886741098_1810265256_n.jpg?resize=768%2C768&amp;ssl=1 768w, https:\/\/i0.wp.com\/byflorab.com\/wp-content\/uploads\/2017\/05\/18034856_10212657886741098_1810265256_n.jpg?w=960&amp;ssl=1 960w\" sizes=\"(max-width: 300px) 100vw, 300px\" data-recalc-dims=\"1\" \/><\/p>\n<p>Une tarte d\u00e9licieuse, fra\u00eeche et gourmande \u00e0 souhait \u00e7a vous dit ? Pour ma part cette tarte a vu le jour car je ramenais le dessert d&#8217;un repas du dimanche \ud83d\ude42<\/p>\n<p>J&#8217;avais envie d&#8217;une tarte aux pommes gourmande et comme j&#8217;avais de jolies framboises dans le frigo j&#8217;ai d\u00e9cid\u00e9 d&#8217;y allier ces framboises . Une petite touche fruit\u00e9e et acidul\u00e9e qui sublime vraiment cette tarte.<\/p>\n<p>Cette gourmandise est compos\u00e9e d&#8217;une p\u00e2te sabl\u00e9e amande vanille, d&#8217;une cr\u00e8me d&#8217;amande, d&#8217;une compot\u00e9e de pommes maison \u00e0 la vanille, de pommes, de framboises et confiture d&#8217;abricot pour la finition. (Je r\u00e9alise la p\u00e2te et la compot\u00e9e la veille, bien plus pratique je trouve.)<\/p>\n<p>Depuis que j&#8217;ai fait cette recette je l&#8217;ai d\u00e9j\u00e0 refait et \u00e7a a \u00e9t\u00e9 un succ\u00e8s \u00e0 chaque fois \ud83d\ude00<\/p>\n<p><strong><em>Les ingr\u00e9dients (cercle de 24cm) :<\/em><\/strong><\/p>\n<p><strong>P\u00e2te sabl\u00e9e amande vanille<\/strong><strong>\u00a0:\u00a0<\/strong><\/p>\n<ul>\n<li><strong>130g de beurre mou\u00a0<\/strong><\/li>\n<li><strong>90g de sucre glace\u00a0<\/strong><\/li>\n<li><strong>30g de poudre d&#8217;amandes<\/strong><\/li>\n<li><strong>1 oeuf\u00a0<\/strong><\/li>\n<li><strong>2g de sel\u00a0<\/strong><\/li>\n<li><strong>230g de farine\u00a0<\/strong><\/li>\n<li><strong>1\/2 c\u00e0c de poudre de vanille\u00a0<\/strong><\/li>\n<\/ul>\n<p><strong>Compot\u00e9e de pommes vanill\u00e9e :<\/strong><\/p>\n<ul>\n<li><strong>6 ou 7 pommes golden (moyennes)<\/strong><\/li>\n<li><strong>3 sachets de sucre vanill\u00e9<\/strong><\/li>\n<li><strong>30g d&#8217;eau\u00a0<\/strong><\/li>\n<li><strong>quelques gouttes de jus de citron<\/strong><\/li>\n<\/ul>\n<p><strong>Cr\u00e8me d&#8217;amande :\u00a0<\/strong><\/p>\n<ul>\n<li><strong>50g de beurre pommade\u00a0<\/strong><\/li>\n<li><strong>50g de poudre d&#8217;amandes<\/strong><\/li>\n<li><strong>50g de sucre\u00a0<\/strong><\/li>\n<li><strong>1 oeuf\u00a0<\/strong><\/li>\n<li><strong>25g de farine<\/strong><\/li>\n<\/ul>\n<p><strong>Finitions :\u00a0<\/strong><\/p>\n<ul>\n<li><strong>2 ou 3 pommes golden (moyennes \u00e0 grosses, pour moi 2 grosses ont suffi)\u00a0<\/strong><\/li>\n<li><strong>1 sachet de sucre vanill\u00e9 ou un peu de cassonade\u00a0<\/strong><\/li>\n<li><strong>125g (une barquette) de framboises fra\u00eeches\u00a0<\/strong><\/li>\n<li><strong>un peu de confiture d&#8217;abricot\u00a0<\/strong><\/li>\n<\/ul>\n<p>&nbsp;<\/p>\n<p><em><strong>R\u00e9alisation :\u00a0<\/strong><\/em><\/p>\n<p><strong>1. La p\u00e2te sabl\u00e9e amande vanille<\/strong> ( je la fais la veille pour le lendemain, de toute fa\u00e7on elle a besoin d&#8217;une heure de repos minimum, de cette fa\u00e7on je n&#8217;ai plus qu&#8217;\u00e0 la sortir quelques minutes avant la r\u00e9alisation.<\/p>\n<p>Sortir le beurre avant la r\u00e9alisation afin qu&#8217;il soit mou. Versez tous les ingr\u00e9dients sauf l&#8217;oeuf dans votre bol (je fais ma p\u00e2te \u00e0 la main). P\u00e9trir \u00e0 la main puis du bout des doigts, on obtient une texture sableuse. Ajouter l&#8217;oeuf puis m\u00e9langer avec une cuill\u00e8re en bois et p\u00e9trir un peu \u00e0 la main jusqu&#8217;\u00e0 l&#8217;obtention d&#8217;une boule de p\u00e2te homog\u00e8ne. Filmez et laisser reposer au frais minimum une heure ou comme moi jusqu&#8217;au lendemain si vous la pr\u00e9parez \u00e0 l&#8217;avance.<\/p>\n<p><strong>2. La compot\u00e9e de pommes vanill\u00e9e :\u00a0<\/strong><\/p>\n<p>\u00c9plucher et \u00e9vider les pommes. Les couper en morceaux. Les mettre dans la casserole avec le sucre vanill\u00e9. Faire chauffer \u00e0 feu moyen. Ajouter un tout petit fond d&#8217;eau (30g). Quand les pommes commencent \u00e0 fondre ajouter quelques gouttes de jus de citron. Faire cuire jusqu&#8217;\u00e0 ce que les pommes s&#8217;\u00e9crasent \u00e0 la cuill\u00e8re. En 20 minutes environ votre compot\u00e9e est pr\u00eate. Je laisse des morceaux (d&#8217;o\u00f9 la compot\u00e9e et non la compote). Laisser refroidir et mettre au frais. Cette \u00e9tape je la r\u00e9alise aussi la veille comme \u00e7a je n&#8217;ai plus qu&#8217;\u00e0 fa\u00e7onner la p\u00e2te, faire la cr\u00e8me d&#8217;amande tr\u00e8s rapide, faire cuire puis m&#8217;occuper des finitions et enfourner \u00e0 nouveau \ud83d\ude42 ).<\/p>\n<p><strong>3. Fa\u00e7onner la p\u00e2te sur le cercle \u00e0 p\u00e2tisserie et pr\u00e9chauffer le four \u00e0 180\u00b0C\u00a0<\/strong>(pour avoir un beau fa\u00e7onnage j&#8217;ai regard\u00e9 en vid\u00e9o tout simplement comment on fa\u00e7onne une p\u00e2te avec un cercle \u00e0 p\u00e2tisserie la premi\u00e8re fois que j&#8217;ai commenc\u00e9 \u00e0 faire mes tartes avec un cercle maintenant \u00e7a va tout seul \ud83d\ude42 )<\/p>\n<p><b>4. La cr\u00e8me d&#8217;amande :\u00a0<\/b><\/p>\n<p>M\u00e9langer le beurre pommade (mou) et le sucre. On obtient une texture cr\u00e9meuse. Ajouter la poudre d&#8217;amandes et l&#8217;oeuf battu et m\u00e9langer \u00e0 la cuill\u00e8re, pas au fouet. La cr\u00e8me d&#8217;amande est pr\u00eate.<\/p>\n<p><strong>5. Cuisson et finitions :<\/strong><\/p>\n<p>Verser la cr\u00e8me d&#8217;amande sur le fond de tarte. Cuire environ 8\/10 min. Pendant ces dix minutes pr\u00e9parez vos lamelles de pommes. Je les \u00e9pluche, les \u00e9vide, puis coupe en quartiers et m&#8217;applique \u00e0 faire de jolies lamelles r\u00e9guli\u00e8res pas trop fines, pas trop \u00e9paisses avec chaque quartier. Plus c&#8217;est r\u00e9gulier plus c&#8217;est joli :).<\/p>\n<p>Sortir votre plaque puis couler la compot\u00e9e de pommes au dessus (j&#8217;en mets jusqu&#8217;aux bords) puis lisser. Disposer vos lamelles de mani\u00e8re r\u00e9guli\u00e8re je vous ai mis les photo avant cuisson pour vous rendre compte de la taille des lamelles et observer la disposition des fruits :). Disposer les framboises r\u00e9guli\u00e8rement.<\/p>\n<p>Saupoudrer avec un sachet de sucre vanill\u00e9 ou un peu de cassonade. Disposez \u00e0 plusieurs endroits quelques tout petits bouts de beurre. Enfourner pour 20 minutes environ. Faites chauffer un peu de confiture d&#8217;abricots et badigeonner la tarte au pinceau. Si vous observer la photo avant cuisson et le r\u00e9sultat final vous observerez qu&#8217;il y a des petites train\u00e9es de framboises, des petits grains par-ci par-l\u00e0 un peu partout. Je donne cet effet en \u00e9clatant un peu les framboises, c&#8217;est joli et \u00e7a permet d&#8217;avoir plus de pr\u00e9sence du go\u00fbt.<\/p>\n<p>Cette tarte bien garnie est une petite merveille qui a fait l&#8217;unanimit\u00e9 en fin de repas :D.<\/p>\n<p>Bonne d\u00e9gustation ! \ud83d\ude00<\/p>\n<p><img decoding=\"async\" loading=\"lazy\" class=\"alignnone size-medium wp-image-532\" src=\"https:\/\/i0.wp.com\/byflorab.com\/wp-content\/uploads\/2017\/05\/18052811_10212657887021105_1231227859_n.jpg?resize=300%2C300&#038;ssl=1\" alt=\"\" width=\"300\" height=\"300\" srcset=\"https:\/\/i0.wp.com\/byflorab.com\/wp-content\/uploads\/2017\/05\/18052811_10212657887021105_1231227859_n.jpg?resize=300%2C300&amp;ssl=1 300w, https:\/\/i0.wp.com\/byflorab.com\/wp-content\/uploads\/2017\/05\/18052811_10212657887021105_1231227859_n.jpg?resize=100%2C100&amp;ssl=1 100w, https:\/\/i0.wp.com\/byflorab.com\/wp-content\/uploads\/2017\/05\/18052811_10212657887021105_1231227859_n.jpg?resize=600%2C600&amp;ssl=1 600w, https:\/\/i0.wp.com\/byflorab.com\/wp-content\/uploads\/2017\/05\/18052811_10212657887021105_1231227859_n.jpg?resize=150%2C150&amp;ssl=1 150w, https:\/\/i0.wp.com\/byflorab.com\/wp-content\/uploads\/2017\/05\/18052811_10212657887021105_1231227859_n.jpg?resize=768%2C768&amp;ssl=1 768w, https:\/\/i0.wp.com\/byflorab.com\/wp-content\/uploads\/2017\/05\/18052811_10212657887021105_1231227859_n.jpg?w=960&amp;ssl=1 960w\" sizes=\"(max-width: 300px) 100vw, 300px\" data-recalc-dims=\"1\" \/><img decoding=\"async\" loading=\"lazy\" class=\"alignnone size-medium wp-image-531\" src=\"https:\/\/i0.wp.com\/byflorab.com\/wp-content\/uploads\/2017\/05\/18034909_10212657886981104_1536003395_n.jpg?resize=276%2C300&#038;ssl=1\" alt=\"\" width=\"276\" height=\"300\" srcset=\"https:\/\/i0.wp.com\/byflorab.com\/wp-content\/uploads\/2017\/05\/18034909_10212657886981104_1536003395_n.jpg?resize=276%2C300&amp;ssl=1 276w, https:\/\/i0.wp.com\/byflorab.com\/wp-content\/uploads\/2017\/05\/18034909_10212657886981104_1536003395_n.jpg?resize=600%2C653&amp;ssl=1 600w, https:\/\/i0.wp.com\/byflorab.com\/wp-content\/uploads\/2017\/05\/18034909_10212657886981104_1536003395_n.jpg?w=662&amp;ssl=1 662w\" sizes=\"(max-width: 276px) 100vw, 276px\" data-recalc-dims=\"1\" \/><\/p>\n","protected":false},"excerpt":{"rendered":"<p>Une tarte d\u00e9licieuse, fra\u00eeche et gourmande \u00e0 souhait \u00e7a vous dit ? Pour ma part cette tarte a vu le jour car je ramenais le dessert d&#8217;un repas du dimanche \ud83d\ude42 J&#8217;avais envie d&#8217;une tarte aux pommes gourmande et comme j&#8217;avais de jolies framboises dans&nbsp;<a class=\"read-more\" href=\"https:\/\/byflorab.com\/index.php\/2017\/05\/03\/tarte-pommes-framboises-pate-sablee-vanilleamande-creme-damande-et-compotee-de-pommes-vanillee\/\">&hellip;<\/a><\/p>\n","protected":false},"author":1,"featured_media":535,"comment_status":"open","ping_status":"open","sticky":false,"template":"","format":"standard","meta":{"sfsi_plus_gutenberg_text_before_share":"","sfsi_plus_gutenberg_show_text_before_share":"","sfsi_plus_gutenberg_icon_type":"","sfsi_plus_gutenberg_icon_alignemt":"","sfsi_plus_gutenburg_max_per_row":""},"categories":[7],"tags":[],"jetpack_featured_media_url":"https:\/\/i0.wp.com\/byflorab.com\/wp-content\/uploads\/2017\/05\/18051523_10212657887181109_1823913009_n.jpg?fit=720%2C720&ssl=1","_links":{"self":[{"href":"https:\/\/byflorab.com\/index.php\/wp-json\/wp\/v2\/posts\/529"}],"collection":[{"href":"https:\/\/byflorab.com\/index.php\/wp-json\/wp\/v2\/posts"}],"about":[{"href":"https:\/\/byflorab.com\/index.php\/wp-json\/wp\/v2\/types\/post"}],"author":[{"embeddable":true,"href":"https:\/\/byflorab.com\/index.php\/wp-json\/wp\/v2\/users\/1"}],"replies":[{"embeddable":true,"href":"https:\/\/byflorab.com\/index.php\/wp-json\/wp\/v2\/comments?post=529"}],"version-history":[{"count":2,"href":"https:\/\/byflorab.com\/index.php\/wp-json\/wp\/v2\/posts\/529\/revisions"}],"predecessor-version":[{"id":537,"href":"https:\/\/byflorab.com\/index.php\/wp-json\/wp\/v2\/posts\/529\/revisions\/537"}],"wp:featuredmedia":[{"embeddable":true,"href":"https:\/\/byflorab.com\/index.php\/wp-json\/wp\/v2\/media\/535"}],"wp:attachment":[{"href":"https:\/\/byflorab.com\/index.php\/wp-json\/wp\/v2\/media?parent=529"}],"wp:term":[{"taxonomy":"category","embeddable":true,"href":"https:\/\/byflorab.com\/index.php\/wp-json\/wp\/v2\/categories?post=529"},{"taxonomy":"post_tag","embeddable":true,"href":"https:\/\/byflorab.com\/index.php\/wp-json\/wp\/v2\/tags?post=529"}],"curies":[{"name":"wp","href":"https:\/\/api.w.org\/{rel}","templated":true}]}}