{"id":3553,"date":"2022-09-01T12:03:06","date_gmt":"2022-09-01T10:03:06","guid":{"rendered":"https:\/\/byflorab.com\/?p=3553"},"modified":"2023-07-21T16:50:18","modified_gmt":"2023-07-21T14:50:18","slug":"clafoutis-vegan-et-sans-gluten-amande-et-fruits-rouges","status":"publish","type":"post","link":"https:\/\/byflorab.com\/index.php\/2022\/09\/01\/clafoutis-vegan-et-sans-gluten-amande-et-fruits-rouges\/","title":{"rendered":"Clafoutis vegan et sans gluten amande et fruits rouges"},"content":{"rendered":"\n<figure class=\"wp-block-gallery has-nested-images columns-default is-cropped wp-block-gallery-1 is-layout-flex\">\n<figure class=\"wp-block-image size-large\"><img decoding=\"async\" loading=\"lazy\" width=\"683\" height=\"1024\" data-id=\"3559\"  src=\"https:\/\/i0.wp.com\/byflorab.com\/wp-content\/uploads\/2022\/09\/300521132_582199896928259_6884981437844302438_n-1.jpg?resize=683%2C1024&#038;ssl=1\" alt=\"\" class=\"wp-image-3559\" srcset=\"https:\/\/i0.wp.com\/byflorab.com\/wp-content\/uploads\/2022\/09\/300521132_582199896928259_6884981437844302438_n-1.jpg?resize=683%2C1024&amp;ssl=1 683w, https:\/\/i0.wp.com\/byflorab.com\/wp-content\/uploads\/2022\/09\/300521132_582199896928259_6884981437844302438_n-1.jpg?resize=200%2C300&amp;ssl=1 200w, https:\/\/i0.wp.com\/byflorab.com\/wp-content\/uploads\/2022\/09\/300521132_582199896928259_6884981437844302438_n-1.jpg?resize=768%2C1152&amp;ssl=1 768w, https:\/\/i0.wp.com\/byflorab.com\/wp-content\/uploads\/2022\/09\/300521132_582199896928259_6884981437844302438_n-1.jpg?resize=1024%2C1536&amp;ssl=1 1024w, https:\/\/i0.wp.com\/byflorab.com\/wp-content\/uploads\/2022\/09\/300521132_582199896928259_6884981437844302438_n-1.jpg?resize=600%2C900&amp;ssl=1 600w, https:\/\/i0.wp.com\/byflorab.com\/wp-content\/uploads\/2022\/09\/300521132_582199896928259_6884981437844302438_n-1.jpg?w=1365&amp;ssl=1 1365w\" sizes=\"(max-width: 683px) 100vw, 683px\" data-recalc-dims=\"1\" \/><\/figure>\n\n\n\n<figure class=\"wp-block-image size-large\"><img decoding=\"async\" loading=\"lazy\" width=\"683\" height=\"1024\" data-id=\"3560\"  src=\"https:\/\/i0.wp.com\/byflorab.com\/wp-content\/uploads\/2022\/09\/301681721_1195904224591644_2734524418560301624_n-1.jpg?resize=683%2C1024&#038;ssl=1\" alt=\"\" class=\"wp-image-3560\" srcset=\"https:\/\/i0.wp.com\/byflorab.com\/wp-content\/uploads\/2022\/09\/301681721_1195904224591644_2734524418560301624_n-1.jpg?resize=683%2C1024&amp;ssl=1 683w, https:\/\/i0.wp.com\/byflorab.com\/wp-content\/uploads\/2022\/09\/301681721_1195904224591644_2734524418560301624_n-1.jpg?resize=200%2C300&amp;ssl=1 200w, https:\/\/i0.wp.com\/byflorab.com\/wp-content\/uploads\/2022\/09\/301681721_1195904224591644_2734524418560301624_n-1.jpg?resize=768%2C1152&amp;ssl=1 768w, https:\/\/i0.wp.com\/byflorab.com\/wp-content\/uploads\/2022\/09\/301681721_1195904224591644_2734524418560301624_n-1.jpg?resize=1024%2C1536&amp;ssl=1 1024w, https:\/\/i0.wp.com\/byflorab.com\/wp-content\/uploads\/2022\/09\/301681721_1195904224591644_2734524418560301624_n-1.jpg?resize=600%2C900&amp;ssl=1 600w, https:\/\/i0.wp.com\/byflorab.com\/wp-content\/uploads\/2022\/09\/301681721_1195904224591644_2734524418560301624_n-1.jpg?w=1365&amp;ssl=1 1365w\" sizes=\"(max-width: 683px) 100vw, 683px\" data-recalc-dims=\"1\" \/><\/figure>\n<\/figure>\n\n\n\n<p>On en a vu passer des clafoutis sur mon compte insta. Mais c&#8217;est vrai que vous me demandiez souvent cette version ne pouvant r\u00e9aliser mon autre clafoutis sans gluten dans le cas d&#8217;une alimentation vegan. Et cette version a \u00e9t\u00e9 si bien re\u00e7ue que je ne peux que le faire figurer ici. J&#8217;actualise peu \u00e0 peu mon blog que j&#8217;ai longtemps abandonn\u00e9 me consacrant \u00e0 mes posts sur instagram. Alors j&#8217;ai beaucoup de travail pour parvenir \u00e0 tout mettre ici mais je vais le faire, doucement mais s\u00fbrement !<\/p>\n\n\n\n<p>Voici donc mon bon vieux clafoutis amande et fruits rouges vegan et sans gluten. Un petit plaisir tr\u00e8s l\u00e9ger \u00e0 d\u00e9guster sans culpabilit\u00e9 (je vous laisse voir la liste d&#8217;ingr\u00e9dients) dans lequel acidit\u00e9 et douceur se retrouvent dans l&#8217;amande et les fruits rouges qui se marient \u00e0 merveille. On a ici un bon go\u00fbt d&#8217;amande sans le go\u00fbt des oeufs quand m\u00eame typique du clafoutis et d&#8217;o\u00f9 la difficult\u00e9 d&#8217;\u00e9crire une telle recette. C&#8217;est ce que j&#8217;appr\u00e9hendais \u00e0 l&#8217;\u00e9poque et finalement, dans une version aux fruits rouges je ne suis pas loin de pr\u00e9f\u00e9rer celle-ci. C&#8217;est une pure gourmandise.<\/p>\n\n\n\n<p><strong>Je vous donne les quantit\u00e9s pour mon petit moule individuel rectangulaire de 13 cm x 8 cm soit pour 1 \u00e0 2 pers. (Pour indication : pour moi seule ici et je le mange en deux fois). On peut le r\u00e9aliser dans deux ramequins. Il se d\u00e9guste \u00e0 la cuill\u00e8re. Il faudra donc doubler au minimum pour un moule plus grand (x2 pour un moule rond 18 cm).<\/strong><\/p>\n\n\n\n<p class=\"has-text-color has-medium-font-size\" style=\"color:#7d253f\"><strong><em>Ingr\u00e9dients :<\/em><\/strong><\/p>\n\n\n\n<ul>\n<li><strong>125 ml de lait d&#8217;amande<\/strong><\/li>\n\n\n\n<li><strong>30 g de poudre d&#8217;amandes<\/strong><\/li>\n\n\n\n<li><strong>15 g de f\u00e9cule de ma\u00efs<\/strong><\/li>\n\n\n\n<li><strong>20 g de sucre de canne bio blond non raffin\u00e9<\/strong><\/li>\n\n\n\n<li><strong>2 c\u00e0c d&#8217;ar\u00f4me naturel de vanille <\/strong><\/li>\n\n\n\n<li><strong>1\/2 c\u00e0c d&#8217;ar\u00f4me d&#8217;amande am\u00e8re<\/strong><\/li>\n\n\n\n<li><strong>90 \u00e0 100 g de m\u00e9lange de fruits rouges surgel\u00e9s<\/strong><\/li>\n\n\n\n<li><strong>option : amandes effil\u00e9es<\/strong><\/li>\n<\/ul>\n\n\n\n<p class=\"has-text-color has-medium-font-size\" style=\"color:#7d253f\"><strong><em>R\u00e9alisation :<\/em><\/strong><\/p>\n\n\n\n<ol>\n<li><strong>Pr\u00e9chauffer le four \u00e0 180\u00b0. <\/strong><\/li>\n\n\n\n<li><strong>M\u00e9langer les poudres.<\/strong><\/li>\n\n\n\n<li><strong>Ajouter le lait d&#8217;amande petit \u00e0 petit en m\u00e9langeant bien au fouet.<\/strong><\/li>\n\n\n\n<li><strong>Ajouter les fruits rouges surgel\u00e9s (\u00e7a donne une couleur violette au clafoutis) puis m\u00e9langer et verser dans le plat graiss\u00e9.<\/strong><\/li>\n\n\n\n<li><strong>Saupoudrer d&#8217;un peu de sucre de canne. Vous pouvez aussi ajouter quelques amandes effil\u00e9es avant le sucre de canne. Enfourner pour 30 \u00e0 35 minutes. <\/strong><\/li>\n\n\n\n<li><strong>Laisser refroidir et laisser au frais 2h avant de le d\u00e9guster.<\/strong><\/li>\n<\/ol>\n\n\n\n<figure class=\"wp-block-gallery has-nested-images columns-default is-cropped wp-block-gallery-3 is-layout-flex\">\n<figure class=\"wp-block-image size-large\"><img decoding=\"async\" loading=\"lazy\" width=\"683\" height=\"1024\" data-id=\"3561\"  src=\"https:\/\/i0.wp.com\/byflorab.com\/wp-content\/uploads\/2022\/09\/301335959_1499351537163357_5764730374023967917_n-1.jpg?resize=683%2C1024&#038;ssl=1\" alt=\"\" class=\"wp-image-3561\" srcset=\"https:\/\/i0.wp.com\/byflorab.com\/wp-content\/uploads\/2022\/09\/301335959_1499351537163357_5764730374023967917_n-1.jpg?resize=683%2C1024&amp;ssl=1 683w, https:\/\/i0.wp.com\/byflorab.com\/wp-content\/uploads\/2022\/09\/301335959_1499351537163357_5764730374023967917_n-1.jpg?resize=200%2C300&amp;ssl=1 200w, https:\/\/i0.wp.com\/byflorab.com\/wp-content\/uploads\/2022\/09\/301335959_1499351537163357_5764730374023967917_n-1.jpg?resize=768%2C1151&amp;ssl=1 768w, https:\/\/i0.wp.com\/byflorab.com\/wp-content\/uploads\/2022\/09\/301335959_1499351537163357_5764730374023967917_n-1.jpg?resize=1025%2C1536&amp;ssl=1 1025w, https:\/\/i0.wp.com\/byflorab.com\/wp-content\/uploads\/2022\/09\/301335959_1499351537163357_5764730374023967917_n-1.jpg?resize=600%2C900&amp;ssl=1 600w, https:\/\/i0.wp.com\/byflorab.com\/wp-content\/uploads\/2022\/09\/301335959_1499351537163357_5764730374023967917_n-1.jpg?w=1366&amp;ssl=1 1366w\" sizes=\"(max-width: 683px) 100vw, 683px\" data-recalc-dims=\"1\" \/><\/figure>\n<\/figure>\n","protected":false},"excerpt":{"rendered":"<p>On en a vu passer des clafoutis sur mon compte insta. Mais c&#8217;est vrai que vous me demandiez souvent cette version ne pouvant r\u00e9aliser mon autre clafoutis sans gluten dans le cas d&#8217;une alimentation vegan. Et cette version a \u00e9t\u00e9 si bien re\u00e7ue que je&nbsp;<a class=\"read-more\" href=\"https:\/\/byflorab.com\/index.php\/2022\/09\/01\/clafoutis-vegan-et-sans-gluten-amande-et-fruits-rouges\/\">&hellip;<\/a><\/p>\n","protected":false},"author":1,"featured_media":3557,"comment_status":"open","ping_status":"open","sticky":false,"template":"","format":"standard","meta":{"sfsi_plus_gutenberg_text_before_share":"","sfsi_plus_gutenberg_show_text_before_share":"","sfsi_plus_gutenberg_icon_type":"","sfsi_plus_gutenberg_icon_alignemt":"","sfsi_plus_gutenburg_max_per_row":""},"categories":[124],"tags":[],"jetpack_featured_media_url":"https:\/\/i0.wp.com\/byflorab.com\/wp-content\/uploads\/2022\/09\/301419148_616980166719479_7441781893839430717_n.jpg?fit=1365%2C2048&ssl=1","_links":{"self":[{"href":"https:\/\/byflorab.com\/index.php\/wp-json\/wp\/v2\/posts\/3553"}],"collection":[{"href":"https:\/\/byflorab.com\/index.php\/wp-json\/wp\/v2\/posts"}],"about":[{"href":"https:\/\/byflorab.com\/index.php\/wp-json\/wp\/v2\/types\/post"}],"author":[{"embeddable":true,"href":"https:\/\/byflorab.com\/index.php\/wp-json\/wp\/v2\/users\/1"}],"replies":[{"embeddable":true,"href":"https:\/\/byflorab.com\/index.php\/wp-json\/wp\/v2\/comments?post=3553"}],"version-history":[{"count":4,"href":"https:\/\/byflorab.com\/index.php\/wp-json\/wp\/v2\/posts\/3553\/revisions"}],"predecessor-version":[{"id":3913,"href":"https:\/\/byflorab.com\/index.php\/wp-json\/wp\/v2\/posts\/3553\/revisions\/3913"}],"wp:featuredmedia":[{"embeddable":true,"href":"https:\/\/byflorab.com\/index.php\/wp-json\/wp\/v2\/media\/3557"}],"wp:attachment":[{"href":"https:\/\/byflorab.com\/index.php\/wp-json\/wp\/v2\/media?parent=3553"}],"wp:term":[{"taxonomy":"category","embeddable":true,"href":"https:\/\/byflorab.com\/index.php\/wp-json\/wp\/v2\/categories?post=3553"},{"taxonomy":"post_tag","embeddable":true,"href":"https:\/\/byflorab.com\/index.php\/wp-json\/wp\/v2\/tags?post=3553"}],"curies":[{"name":"wp","href":"https:\/\/api.w.org\/{rel}","templated":true}]}}